{"id":7706,"date":"2018-10-11T09:28:46","date_gmt":"2018-10-11T09:28:46","guid":{"rendered":"http:\/\/www.nms-fuerstenfeld.at\/wordpress\/?p=7706"},"modified":"2018-10-11T09:29:38","modified_gmt":"2018-10-11T09:29:38","slug":"waldlauf-der-jugend-2018","status":"publish","type":"post","link":"http:\/\/www.nms-fuerstenfeld.at\/wordpress\/?p=7706","title":{"rendered":"Waldlauf der Jugend 2018"},"content":{"rendered":"<p>&nbsp;<\/p>\n<p style=\"text-align: justify;\"><span style=\"font-family: arial, helvetica, sans-serif;\"><a href=\"http:\/\/www.nms-fuerstenfeld.at\/wordpress\/wp-content\/uploads\/2018\/10\/waldlauf13-1.jpg\"><img decoding=\"async\" loading=\"lazy\" class=\" wp-image-7729 alignright\" src=\"http:\/\/www.nms-fuerstenfeld.at\/wordpress\/wp-content\/uploads\/2018\/10\/waldlauf13-1-300x225.jpg\" alt=\"\" width=\"355\" height=\"266\" srcset=\"http:\/\/www.nms-fuerstenfeld.at\/wordpress\/wp-content\/uploads\/2018\/10\/waldlauf13-1-300x225.jpg 300w, http:\/\/www.nms-fuerstenfeld.at\/wordpress\/wp-content\/uploads\/2018\/10\/waldlauf13-1.jpg 640w\" sizes=\"(max-width: 355px) 100vw, 355px\" \/><\/a>31 M\u00e4dchen und Burschen der NMS F\u00fcrstenfeld waren am 10. Oktober am Stubenbergsee und nahmen an diesem Bewerb teil.<\/span><\/p>\n<p style=\"text-align: justify;\"><span style=\"font-family: arial, helvetica, sans-serif;\">Bei herrlichem &#8222;Laufwetter&#8220; absolvierten unsere Sch\u00fclerinnen und Sch\u00fcler einen Lauf \u00fcber 900 m bzw. 1200 m. &#8211; Jeder gab sein Bestes!<\/span><\/p>\n<p>Gratulation vom Betreuerteam Alfred Amtmann, Werner Brugner und Monika Fritz!<\/p>\n<p>&nbsp;<\/p>\n<p style=\"text-align: justify;\"><span style=\"font-family: arial, helvetica, sans-serif;\"><strong>Herausragende Leistungen:<\/strong><\/span><\/p>\n<p style=\"text-align: justify;\"><span style=\"font-family: arial, helvetica, sans-serif;\"><strong>Nina Puntigam<\/strong> &#8211; 3. Platz Jahrgang 2005 weiblich (von 63 L\u00e4ufern)<\/span><\/p>\n<p style=\"text-align: justify;\"><span style=\"font-family: arial, helvetica, sans-serif;\"><strong>Senad Mustafic<\/strong> &#8211; 5. Platz Jahrgang 2005 m\u00e4nnlich (von 116 L\u00e4ufern)<\/span><\/p>\n<p style=\"text-align: justify;\"><span style=\"font-family: arial, helvetica, sans-serif;\"><strong>Zoe Neubauer<\/strong> &#8211; 10. Platz Jahrgang 2007 weiblich (von 117 L\u00e4ufern)<\/span><\/p>\n<p>&nbsp;<\/p>\n<p style=\"text-align: justify;\"><span style=\"font-family: arial, helvetica, sans-serif;\">\u00a0<\/span><\/p>\n<div id='gallery-1' class='gallery galleryid-7706 gallery-columns-5 gallery-size-colormag-featured-image'><figure class='gallery-item'>\n\t\t\t<div class='gallery-icon portrait'>\n\t\t\t\t<a href='http:\/\/www.nms-fuerstenfeld.at\/wordpress\/?attachment_id=7730'><img width=\"480\" height=\"445\" src=\"http:\/\/www.nms-fuerstenfeld.at\/wordpress\/wp-content\/uploads\/2018\/10\/waldlauf14-1-480x445.jpg\" class=\"attachment-colormag-featured-image size-colormag-featured-image\" alt=\"\" decoding=\"async\" loading=\"lazy\" \/><\/a>\n\t\t\t<\/div><\/figure><figure class='gallery-item'>\n\t\t\t<div class='gallery-icon landscape'>\n\t\t\t\t<a href='http:\/\/www.nms-fuerstenfeld.at\/wordpress\/?attachment_id=7729'><img width=\"640\" height=\"445\" src=\"http:\/\/www.nms-fuerstenfeld.at\/wordpress\/wp-content\/uploads\/2018\/10\/waldlauf13-1-640x445.jpg\" class=\"attachment-colormag-featured-image size-colormag-featured-image\" alt=\"\" decoding=\"async\" loading=\"lazy\" srcset=\"http:\/\/www.nms-fuerstenfeld.at\/wordpress\/wp-content\/uploads\/2018\/10\/waldlauf13-1-640x445.jpg 640w, http:\/\/www.nms-fuerstenfeld.at\/wordpress\/wp-content\/uploads\/2018\/10\/waldlauf13-1-392x272.jpg 392w, http:\/\/www.nms-fuerstenfeld.at\/wordpress\/wp-content\/uploads\/2018\/10\/waldlauf13-1-130x90.jpg 130w\" sizes=\"(max-width: 640px) 100vw, 640px\" \/><\/a>\n\t\t\t<\/div><\/figure><figure class='gallery-item'>\n\t\t\t<div class='gallery-icon landscape'>\n\t\t\t\t<a href='http:\/\/www.nms-fuerstenfeld.at\/wordpress\/?attachment_id=7710'><img width=\"800\" height=\"445\" src=\"http:\/\/www.nms-fuerstenfeld.at\/wordpress\/wp-content\/uploads\/2018\/10\/waldlauf4-800x445.jpg\" class=\"attachment-colormag-featured-image size-colormag-featured-image\" alt=\"\" decoding=\"async\" loading=\"lazy\" \/><\/a>\n\t\t\t<\/div><\/figure><figure class='gallery-item'>\n\t\t\t<div class='gallery-icon landscape'>\n\t\t\t\t<a href='http:\/\/www.nms-fuerstenfeld.at\/wordpress\/?attachment_id=7709'><img width=\"800\" height=\"445\" src=\"http:\/\/www.nms-fuerstenfeld.at\/wordpress\/wp-content\/uploads\/2018\/10\/waldlauf3-800x445.jpg\" class=\"attachment-colormag-featured-image size-colormag-featured-image\" alt=\"\" decoding=\"async\" loading=\"lazy\" \/><\/a>\n\t\t\t<\/div><\/figure><figure class='gallery-item'>\n\t\t\t<div class='gallery-icon landscape'>\n\t\t\t\t<a href='http:\/\/www.nms-fuerstenfeld.at\/wordpress\/?attachment_id=7707'><img width=\"800\" height=\"445\" src=\"http:\/\/www.nms-fuerstenfeld.at\/wordpress\/wp-content\/uploads\/2018\/10\/waldlauf1-800x445.jpg\" class=\"attachment-colormag-featured-image size-colormag-featured-image\" alt=\"\" decoding=\"async\" loading=\"lazy\" \/><\/a>\n\t\t\t<\/div><\/figure>\n\t\t<\/div>\n\n<p>&nbsp;<\/p>\n","protected":false},"excerpt":{"rendered":"<p>&nbsp; 31 M\u00e4dchen und Burschen der NMS F\u00fcrstenfeld waren am 10. Oktober am Stubenbergsee und nahmen an diesem Bewerb teil.<\/p>\n","protected":false},"author":9,"featured_media":0,"comment_status":"closed","ping_status":"closed","sticky":false,"template":"","format":"standard","meta":{"ngg_post_thumbnail":0,"jetpack_post_was_ever_published":false,"_jetpack_newsletter_access":"","jetpack_publicize_message":"","jetpack_is_tweetstorm":false,"jetpack_publicize_feature_enabled":true,"jetpack_social_post_already_shared":true,"jetpack_social_options":{"image_generator_settings":{"template":"highway","enabled":false}}},"categories":[1],"tags":[17,16,52],"jetpack_publicize_connections":[],"jetpack_featured_media_url":"","jetpack_sharing_enabled":true,"jetpack_shortlink":"https:\/\/wp.me\/p9Zssw-20i","_links":{"self":[{"href":"http:\/\/www.nms-fuerstenfeld.at\/wordpress\/index.php?rest_route=\/wp\/v2\/posts\/7706"}],"collection":[{"href":"http:\/\/www.nms-fuerstenfeld.at\/wordpress\/index.php?rest_route=\/wp\/v2\/posts"}],"about":[{"href":"http:\/\/www.nms-fuerstenfeld.at\/wordpress\/index.php?rest_route=\/wp\/v2\/types\/post"}],"author":[{"embeddable":true,"href":"http:\/\/www.nms-fuerstenfeld.at\/wordpress\/index.php?rest_route=\/wp\/v2\/users\/9"}],"replies":[{"embeddable":true,"href":"http:\/\/www.nms-fuerstenfeld.at\/wordpress\/index.php?rest_route=%2Fwp%2Fv2%2Fcomments&post=7706"}],"version-history":[{"count":2,"href":"http:\/\/www.nms-fuerstenfeld.at\/wordpress\/index.php?rest_route=\/wp\/v2\/posts\/7706\/revisions"}],"predecessor-version":[{"id":7732,"href":"http:\/\/www.nms-fuerstenfeld.at\/wordpress\/index.php?rest_route=\/wp\/v2\/posts\/7706\/revisions\/7732"}],"wp:attachment":[{"href":"http:\/\/www.nms-fuerstenfeld.at\/wordpress\/index.php?rest_route=%2Fwp%2Fv2%2Fmedia&parent=7706"}],"wp:term":[{"taxonomy":"category","embeddable":true,"href":"http:\/\/www.nms-fuerstenfeld.at\/wordpress\/index.php?rest_route=%2Fwp%2Fv2%2Fcategories&post=7706"},{"taxonomy":"post_tag","embeddable":true,"href":"http:\/\/www.nms-fuerstenfeld.at\/wordpress\/index.php?rest_route=%2Fwp%2Fv2%2Ftags&post=7706"}],"curies":[{"name":"wp","href":"https:\/\/api.w.org\/{rel}","templated":true}]}}